{"id":931,"date":"2021-12-03T14:01:55","date_gmt":"2021-12-03T14:01:55","guid":{"rendered":"https:\/\/hegyvidekiparkolas.hu\/?p=931"},"modified":"2021-12-11T09:06:22","modified_gmt":"2021-12-11T09:06:22","slug":"felhivas-munkanap-athelyezes-3","status":"publish","type":"post","link":"https:\/\/hegyvidekiparkolas.hu\/?p=931","title":{"rendered":"Felh\u00edv\u00e1s &#8211; Munkanap \u00e1thelyez\u00e9s"},"content":{"rendered":"<p>Tisztelt G\u00e9pj\u00e1rm\u0171vezet\u0151k!<\/p>\n<p>T\u00e1j\u00e9koztatjuk \u00d6n\u00f6ket, hogy <strong>2021. december 11.<\/strong> (szombat) munkanap, \u00edgy a XII. ker\u00fcletben a <strong>v\u00e1rakoz\u00e1s d\u00edjfizet\u00e9shez k\u00f6t\u00f6tt.<\/strong><\/p>\n<ul>\n<li>K\u00e9rj\u00fck \u00d6n\u00f6ket, hogy a jegykiad\u00f3 automat\u00e1inkon \u00e9s az adott ter\u00fcletre vonatkoz\u00f3 parkol\u00e1s \u00f6vezet kezdete t\u00e1bl\u00e1n jelzett \u00fczemid\u0151 figyelembev\u00e9tel\u00e9vel v\u00e1lts\u00e1k meg d\u00edjfizet\u00e9s\u00fcket.<\/li>\n<li>A Hegyvid\u00e9ki Parkol\u00e1s <strong>\u00dcgyf\u00e9lszolg\u00e1lati irod\u00e1ja<\/strong> ezen a napon a megszokott\u00f3l elt\u00e9r\u0151en<br \/>\n<strong>14 \u00f3r\u00e1ig tart nyitva<\/strong>.<\/li>\n<\/ul>\n<p>Egy\u00fcttm\u0171k\u00f6d\u00e9s\u00fcket k\u00f6sz\u00f6nj\u00fck!<br \/>\n<em>Hegyvid\u00e9ki Parkol\u00e1s \u00dcgyf\u00e9lszolg\u00e1lata<\/em><\/p>\n","protected":false},"excerpt":{"rendered":"<p>Tisztelt&#46;&#46;&#46;<\/p>\n","protected":false},"author":1,"featured_media":684,"comment_status":"closed","ping_status":"open","sticky":false,"template":"","format":"standard","meta":{"_monsterinsights_skip_tracking":false,"_monsterinsights_sitenote_active":false,"_monsterinsights_sitenote_note":"","_monsterinsights_sitenote_category":0,"footnotes":""},"categories":[1],"tags":[],"class_list":["post-931","post","type-post","status-publish","format-standard","has-post-thumbnail","hentry","category-egyeb"],"aioseo_notices":[],"_links":{"self":[{"href":"https:\/\/hegyvidekiparkolas.hu\/index.php?rest_route=\/wp\/v2\/posts\/931","targetHints":{"allow":["GET"]}}],"collection":[{"href":"https:\/\/hegyvidekiparkolas.hu\/index.php?rest_route=\/wp\/v2\/posts"}],"about":[{"href":"https:\/\/hegyvidekiparkolas.hu\/index.php?rest_route=\/wp\/v2\/types\/post"}],"author":[{"embeddable":true,"href":"https:\/\/hegyvidekiparkolas.hu\/index.php?rest_route=\/wp\/v2\/users\/1"}],"replies":[{"embeddable":true,"href":"https:\/\/hegyvidekiparkolas.hu\/index.php?rest_route=%2Fwp%2Fv2%2Fcomments&post=931"}],"version-history":[{"count":3,"href":"https:\/\/hegyvidekiparkolas.hu\/index.php?rest_route=\/wp\/v2\/posts\/931\/revisions"}],"predecessor-version":[{"id":934,"href":"https:\/\/hegyvidekiparkolas.hu\/index.php?rest_route=\/wp\/v2\/posts\/931\/revisions\/934"}],"wp:featuredmedia":[{"embeddable":true,"href":"https:\/\/hegyvidekiparkolas.hu\/index.php?rest_route=\/wp\/v2\/media\/684"}],"wp:attachment":[{"href":"https:\/\/hegyvidekiparkolas.hu\/index.php?rest_route=%2Fwp%2Fv2%2Fmedia&parent=931"}],"wp:term":[{"taxonomy":"category","embeddable":true,"href":"https:\/\/hegyvidekiparkolas.hu\/index.php?rest_route=%2Fwp%2Fv2%2Fcategories&post=931"},{"taxonomy":"post_tag","embeddable":true,"href":"https:\/\/hegyvidekiparkolas.hu\/index.php?rest_route=%2Fwp%2Fv2%2Ftags&post=931"}],"curies":[{"name":"wp","href":"https:\/\/api.w.org\/{rel}","templated":true}]}}