{"id":620,"date":"2019-04-26T08:00:02","date_gmt":"2019-04-26T08:00:02","guid":{"rendered":"https:\/\/hegyvidekiparkolas.hu\/?p=620"},"modified":"2019-04-28T16:25:45","modified_gmt":"2019-04-28T16:25:45","slug":"felhivas-unnepi-nyitvatartas-2","status":"publish","type":"post","link":"https:\/\/hegyvidekiparkolas.hu\/?p=620","title":{"rendered":"Felh\u00edv\u00e1s &#8211; \u00dcnnepi nyitvatart\u00e1s"},"content":{"rendered":"<p style=\"text-align: left;\">Tisztelt G\u00e9pj\u00e1rm\u0171vezet\u0151k!<\/p>\n<p>T\u00e1j\u00e9koztatjuk \u00d6n\u00f6ket, hogy <strong>2019. m\u00e1jus 1<\/strong>-\u00e9n\u00a0a XII. ker\u00fcletben a v\u00e1rakoz\u00e1s <strong>d\u00edjmentes<\/strong>.<br \/>\nA Hegyvid\u00e9ki Parkol\u00e1s <strong>\u00dcgyf\u00e9lszolg\u00e1lati irod\u00e1ja<\/strong> ezen a napon <strong>z\u00e1rva tart<\/strong>, \u00edgy panaszaikat az al\u00e1bbi el\u00e9rhet\u0151s\u00e9geink egyik\u00e9re juttathatj\u00e1k el:<\/p>\n<p><strong>Email:<\/strong> ugyfelszolgalat@hegyvidekiparkolas.hu<br \/>\n<strong>Fax:<\/strong> +36 1 700 2020<\/p>\n<p style=\"text-align: left;\">Meg\u00e9rt\u00e9s\u00fcket k\u00f6sz\u00f6nj\u00fck!<br \/>\n<em>Hegyvid\u00e9ki Parkol\u00e1s \u00dcgyf\u00e9lszolg\u00e1lata<\/em><\/p>\n","protected":false},"excerpt":{"rendered":"<p>Tisztelt&#46;&#46;&#46;<\/p>\n","protected":false},"author":1,"featured_media":621,"comment_status":"closed","ping_status":"open","sticky":false,"template":"","format":"standard","meta":{"_monsterinsights_skip_tracking":false,"_monsterinsights_sitenote_active":false,"_monsterinsights_sitenote_note":"","_monsterinsights_sitenote_category":0,"footnotes":""},"categories":[1],"tags":[],"class_list":["post-620","post","type-post","status-publish","format-standard","has-post-thumbnail","hentry","category-egyeb"],"aioseo_notices":[],"_links":{"self":[{"href":"https:\/\/hegyvidekiparkolas.hu\/index.php?rest_route=\/wp\/v2\/posts\/620","targetHints":{"allow":["GET"]}}],"collection":[{"href":"https:\/\/hegyvidekiparkolas.hu\/index.php?rest_route=\/wp\/v2\/posts"}],"about":[{"href":"https:\/\/hegyvidekiparkolas.hu\/index.php?rest_route=\/wp\/v2\/types\/post"}],"author":[{"embeddable":true,"href":"https:\/\/hegyvidekiparkolas.hu\/index.php?rest_route=\/wp\/v2\/users\/1"}],"replies":[{"embeddable":true,"href":"https:\/\/hegyvidekiparkolas.hu\/index.php?rest_route=%2Fwp%2Fv2%2Fcomments&post=620"}],"version-history":[{"count":2,"href":"https:\/\/hegyvidekiparkolas.hu\/index.php?rest_route=\/wp\/v2\/posts\/620\/revisions"}],"predecessor-version":[{"id":623,"href":"https:\/\/hegyvidekiparkolas.hu\/index.php?rest_route=\/wp\/v2\/posts\/620\/revisions\/623"}],"wp:featuredmedia":[{"embeddable":true,"href":"https:\/\/hegyvidekiparkolas.hu\/index.php?rest_route=\/wp\/v2\/media\/621"}],"wp:attachment":[{"href":"https:\/\/hegyvidekiparkolas.hu\/index.php?rest_route=%2Fwp%2Fv2%2Fmedia&parent=620"}],"wp:term":[{"taxonomy":"category","embeddable":true,"href":"https:\/\/hegyvidekiparkolas.hu\/index.php?rest_route=%2Fwp%2Fv2%2Fcategories&post=620"},{"taxonomy":"post_tag","embeddable":true,"href":"https:\/\/hegyvidekiparkolas.hu\/index.php?rest_route=%2Fwp%2Fv2%2Ftags&post=620"}],"curies":[{"name":"wp","href":"https:\/\/api.w.org\/{rel}","templated":true}]}}