{"id":2055,"date":"2023-12-21T11:09:50","date_gmt":"2023-12-21T09:09:50","guid":{"rendered":"https:\/\/hegyvidekiparkolas.hu\/?p=2055"},"modified":"2023-12-21T14:13:25","modified_gmt":"2023-12-21T12:13:25","slug":"unnepi-idoszak","status":"publish","type":"post","link":"https:\/\/hegyvidekiparkolas.hu\/?p=2055","title":{"rendered":"\u00dcnnepi id\u0151szak"},"content":{"rendered":"<p style=\"font-weight: 400;\">Tisztelt \u00dcgyfeleink!<\/p>\n<p style=\"font-weight: 400;\">T\u00e1j\u00e9koztatjuk \u00d6n\u00f6ket, hogy<strong>\u00a02023. december 22.<\/strong>\u00a0\u00fczemz\u00e1r\u00e1st\u00f3l (22:00 \u00f3ra) \u2013\u00a0<strong>2024. janu\u00e1r 1.<\/strong>\u00a0\u00fczemz\u00e1r\u00e1sig (22:00 \u00f3ra) a XII. ker\u00fclet fizet\u0151 \u00f6vezet\u00e9ben\u00a0<strong>nem kell v\u00e1rakoz\u00e1si d\u00edjat fizetni\u00a0<\/strong>a 30\/2010. (VI. 4.) F\u0151v. kgy. rendelet \u00e9rtelm\u00e9ben. (Els\u0151 d\u00edjfizet\u00e9shez k\u00f6t\u00f6tt nap: 2024. janu\u00e1r 2. reggel 08:00) A v\u00e1rakoz\u00e1si \u00f6vezet ter\u00fclet\u00e9n \u2013 d\u00edjmentes id\u0151szakban- megv\u00e1ltott jegyek\u00a0<em>2024. janu\u00e1r 2. reggel 08:00<\/em>\u00a0\u00f3r\u00e1t\u00f3l \u00e9rv\u00e9nyesek.<\/p>\n<ul style=\"font-weight: 400;\">\n<li>Az eml\u00edtett d\u00edjmentess\u00e9g al\u00f3l a\u00a0<a href=\"https:\/\/hegyvidekiparkolas.hu\/?page_id=883\"><strong>Normafa<\/strong><\/a>\u00a0ter\u00fclete kiv\u00e9telt k\u00e9pez.<br \/>\n<span style=\"color: #ff0000;\"><strong>D\u00edjfizet\u00e9shez k\u00f6t\u00f6tt napok a Normafa parkol\u00f3kban<\/strong><\/span>: 2023. december 23, 24, 25, 26, 30, 31. \u00e9s 2024. janu\u00e1r 1.<\/li>\n<\/ul>\n<p>&nbsp;<\/p>\n<ul style=\"font-weight: 400;\">\n<li>A Hegyvid\u00e9ki Parkol\u00e1s \u00dcgyf\u00e9lszolg\u00e1lata,<strong>\u00a02023. december 22.-\u00e9n\u00a0<\/strong>a megszokott\u00f3l elt\u00e9r\u0151en<strong>\u00a015:00 \u00f3r\u00e1ig\u00a0<\/strong>fogadja \u00fcgyfeleit. Az \u00fcnnepi id\u0151szak alatt az \u00fcgyf\u00e9lszolg\u00e1lati iroda z\u00e1rva tart, \u00edgy panaszaikat elektronikus <a href=\"https:\/\/hegyvidekiparkolas.hu\/?page_id=793\"><strong>fel\u00fclet\u00fcnk\u00f6n<\/strong><\/a>, vagy \u00a0<a href=\"https:\/\/hegyvidekiparkolas.hu\/?page_id=42\"><strong>el\u00e9rhet\u0151s\u00e9g\u00fcnkre<\/strong><\/a> tudj\u00e1k beny\u00fajtani. Irod\u00e1nk <strong>2024. janu\u00e1r 2<\/strong>.-\u00e1n, reggel <strong>08:30<\/strong>-t\u00f3l fogadja ism\u00e9telten \u00fcgyfeleit.<\/li>\n<\/ul>\n<p>&nbsp;<\/p>\n<p style=\"font-weight: 400; text-align: center;\">A Hegyvid\u00e9ki Parkol\u00e1s munkat\u00e1rsai nev\u00e9ben,\u00a0<strong>Kellemes Kar\u00e1csonyi \u00dcnnepeket \u00e9s Sikerekben Gazdag Boldog \u00daj Esztend\u0151t K\u00edv\u00e1nunk!<\/strong><\/p>\n<p style=\"font-weight: 400; text-align: center;\"><em>Hegyvid\u00e9ki Parkol\u00e1s \u00dcgyf\u00e9lszolg\u00e1lata<\/em><\/p>\n<p style=\"font-weight: 400;\">\n","protected":false},"excerpt":{"rendered":"<p>Tisztelt&#46;&#46;&#46;<\/p>\n","protected":false},"author":1,"featured_media":2056,"comment_status":"closed","ping_status":"open","sticky":false,"template":"","format":"standard","meta":{"_monsterinsights_skip_tracking":false,"_monsterinsights_sitenote_active":false,"_monsterinsights_sitenote_note":"","_monsterinsights_sitenote_category":0,"footnotes":""},"categories":[8],"tags":[],"class_list":["post-2055","post","type-post","status-publish","format-standard","has-post-thumbnail","hentry","category-hir"],"aioseo_notices":[],"_links":{"self":[{"href":"https:\/\/hegyvidekiparkolas.hu\/index.php?rest_route=\/wp\/v2\/posts\/2055","targetHints":{"allow":["GET"]}}],"collection":[{"href":"https:\/\/hegyvidekiparkolas.hu\/index.php?rest_route=\/wp\/v2\/posts"}],"about":[{"href":"https:\/\/hegyvidekiparkolas.hu\/index.php?rest_route=\/wp\/v2\/types\/post"}],"author":[{"embeddable":true,"href":"https:\/\/hegyvidekiparkolas.hu\/index.php?rest_route=\/wp\/v2\/users\/1"}],"replies":[{"embeddable":true,"href":"https:\/\/hegyvidekiparkolas.hu\/index.php?rest_route=%2Fwp%2Fv2%2Fcomments&post=2055"}],"version-history":[{"count":10,"href":"https:\/\/hegyvidekiparkolas.hu\/index.php?rest_route=\/wp\/v2\/posts\/2055\/revisions"}],"predecessor-version":[{"id":2066,"href":"https:\/\/hegyvidekiparkolas.hu\/index.php?rest_route=\/wp\/v2\/posts\/2055\/revisions\/2066"}],"wp:featuredmedia":[{"embeddable":true,"href":"https:\/\/hegyvidekiparkolas.hu\/index.php?rest_route=\/wp\/v2\/media\/2056"}],"wp:attachment":[{"href":"https:\/\/hegyvidekiparkolas.hu\/index.php?rest_route=%2Fwp%2Fv2%2Fmedia&parent=2055"}],"wp:term":[{"taxonomy":"category","embeddable":true,"href":"https:\/\/hegyvidekiparkolas.hu\/index.php?rest_route=%2Fwp%2Fv2%2Fcategories&post=2055"},{"taxonomy":"post_tag","embeddable":true,"href":"https:\/\/hegyvidekiparkolas.hu\/index.php?rest_route=%2Fwp%2Fv2%2Ftags&post=2055"}],"curies":[{"name":"wp","href":"https:\/\/api.w.org\/{rel}","templated":true}]}}