{"id":1546,"date":"2023-03-10T12:54:22","date_gmt":"2023-03-10T10:54:22","guid":{"rendered":"https:\/\/hegyvidekiparkolas.hu\/?p=1546"},"modified":"2023-04-11T08:03:22","modified_gmt":"2023-04-11T06:03:22","slug":"felhivas-ugyfelszolgalati-iroda-nyitva-tartasa","status":"publish","type":"post","link":"https:\/\/hegyvidekiparkolas.hu\/?p=1546","title":{"rendered":"Felh\u00edv\u00e1s &#8211; \u00dcgyf\u00e9lszolg\u00e1lati iroda nyitva tart\u00e1sa"},"content":{"rendered":"<p>Tisztelt \u00dcgyfeleink!<\/p>\n<p>T\u00e1j\u00e9koztatjuk \u00d6n\u00f6ket, hogy<strong> 2023. \u00e1prilis 11-\u00e9n,<\/strong>\u00a0<strong>szem\u00e9lyes \u00fcgyf\u00e9lszolg\u00e1lati irod\u00e1nk <\/strong>technikai okok miatt<strong> z\u00e1rva tart.<\/strong><\/p>\n<p>A z\u00e1rvatart\u00e1s ideje alatt, <a href=\"https:\/\/hegyvidekiparkolas.hu\/?page_id=42\" target=\"_blank\" rel=\"noopener\">telefonos \u00fcgyf\u00e9lszolg\u00e1latunk \u00e9s elektronikus el\u00e9rhet\u0151s\u00e9g\u00fcnk<\/a> zavartalanul ig\u00e9nybe vehet\u0151ek.<\/p>\n<p>Az okozott kellemetlens\u00e9g miatt sz\u00edves eln\u00e9z\u00e9s\u00fcket \u00e9s meg\u00e9rt\u00e9s\u00fcket k\u00e9rj\u00fck.<\/p>\n<p style=\"text-align: right;\"><em>Hegyvid\u00e9ki Parkol\u00e1s \u00dcgyf\u00e9lszolg\u00e1lata<\/em><\/p>\n","protected":false},"excerpt":{"rendered":"<p>Tisztelt&#46;&#46;&#46;<\/p>\n","protected":false},"author":1,"featured_media":974,"comment_status":"closed","ping_status":"open","sticky":false,"template":"","format":"standard","meta":{"_monsterinsights_skip_tracking":false,"_monsterinsights_sitenote_active":false,"_monsterinsights_sitenote_note":"","_monsterinsights_sitenote_category":0,"footnotes":""},"categories":[8],"tags":[],"class_list":["post-1546","post","type-post","status-publish","format-standard","has-post-thumbnail","hentry","category-hir"],"aioseo_notices":[],"_links":{"self":[{"href":"https:\/\/hegyvidekiparkolas.hu\/index.php?rest_route=\/wp\/v2\/posts\/1546","targetHints":{"allow":["GET"]}}],"collection":[{"href":"https:\/\/hegyvidekiparkolas.hu\/index.php?rest_route=\/wp\/v2\/posts"}],"about":[{"href":"https:\/\/hegyvidekiparkolas.hu\/index.php?rest_route=\/wp\/v2\/types\/post"}],"author":[{"embeddable":true,"href":"https:\/\/hegyvidekiparkolas.hu\/index.php?rest_route=\/wp\/v2\/users\/1"}],"replies":[{"embeddable":true,"href":"https:\/\/hegyvidekiparkolas.hu\/index.php?rest_route=%2Fwp%2Fv2%2Fcomments&post=1546"}],"version-history":[{"count":13,"href":"https:\/\/hegyvidekiparkolas.hu\/index.php?rest_route=\/wp\/v2\/posts\/1546\/revisions"}],"predecessor-version":[{"id":1633,"href":"https:\/\/hegyvidekiparkolas.hu\/index.php?rest_route=\/wp\/v2\/posts\/1546\/revisions\/1633"}],"wp:featuredmedia":[{"embeddable":true,"href":"https:\/\/hegyvidekiparkolas.hu\/index.php?rest_route=\/wp\/v2\/media\/974"}],"wp:attachment":[{"href":"https:\/\/hegyvidekiparkolas.hu\/index.php?rest_route=%2Fwp%2Fv2%2Fmedia&parent=1546"}],"wp:term":[{"taxonomy":"category","embeddable":true,"href":"https:\/\/hegyvidekiparkolas.hu\/index.php?rest_route=%2Fwp%2Fv2%2Fcategories&post=1546"},{"taxonomy":"post_tag","embeddable":true,"href":"https:\/\/hegyvidekiparkolas.hu\/index.php?rest_route=%2Fwp%2Fv2%2Ftags&post=1546"}],"curies":[{"name":"wp","href":"https:\/\/api.w.org\/{rel}","templated":true}]}}