{"id":1443,"date":"2023-01-12T14:46:03","date_gmt":"2023-01-12T12:46:03","guid":{"rendered":"https:\/\/hegyvidekiparkolas.hu\/?p=1443"},"modified":"2023-01-12T14:46:03","modified_gmt":"2023-01-12T12:46:03","slug":"karbantartas","status":"publish","type":"post","link":"https:\/\/hegyvidekiparkolas.hu\/?p=1443","title":{"rendered":"Karbantart\u00e1s"},"content":{"rendered":"<p>Tisztelt \u00dcgyfeleink!<\/p>\n<p>T\u00e1j\u00e9koztatjuk \u00d6n\u00f6ket, hogy <strong>2023. janu\u00e1r 12. este 18 \u00f3r\u00e1t\u00f3l &#8211; 2023 janu\u00e1r 13. reggel 8 \u00f3r\u00e1ig<\/strong> az \u00fcgyf\u00e9lszolg\u00e1lati irod\u00e1nk elektronikus <strong>levelez\u00e9se nem lesz el\u00e9rhet\u0151<\/strong>, \u00edgy az <em>ugyfelszolgalat @ hegyvidekiparkolas . hu<\/em> emailc\u00edmre k\u00fcld\u00f6tt \u00fczeneteik nem ker\u00fclnek k\u00e9zbes\u00edt\u00e9sre. A megk\u00fcld\u00f6tt \u00fczenetek automatikusan a felad\u00f3 emailc\u00edm\u00e9re lesznek visszair\u00e1ny\u00edtva, \u00edgy k\u00e9rj\u00fck \u00d6n\u00f6ket, hogy a karbantart\u00e1s id\u0151szaka ut\u00e1n ism\u00e9telt megk\u00fcld\u00e9ssel juttass\u00e1k el sz\u00e1munkra panaszaikat, \u00e9szrev\u00e9teleiket.<\/p>\n<p style=\"text-align: center;\"><strong>Az okozott kellemetlens\u00e9g miatt sz\u00edves eln\u00e9z\u00e9s\u00fcket \u00e9s meg\u00e9rt\u00e9s\u00fcket k\u00e9rj\u00fck!<\/strong><\/p>\n<p>&nbsp;<\/p>\n<p style=\"text-align: right;\"><em>Hegyvid\u00e9ki Parkol\u00e1s \u00dcgyf\u00e9lszolg\u00e1lata<\/em><\/p>\n","protected":false},"excerpt":{"rendered":"<p>Tisztelt&#46;&#46;&#46;<\/p>\n","protected":false},"author":1,"featured_media":1444,"comment_status":"closed","ping_status":"open","sticky":false,"template":"","format":"standard","meta":{"_monsterinsights_skip_tracking":false,"_monsterinsights_sitenote_active":false,"_monsterinsights_sitenote_note":"","_monsterinsights_sitenote_category":0,"footnotes":""},"categories":[8],"tags":[],"class_list":["post-1443","post","type-post","status-publish","format-standard","has-post-thumbnail","hentry","category-hir"],"aioseo_notices":[],"_links":{"self":[{"href":"https:\/\/hegyvidekiparkolas.hu\/index.php?rest_route=\/wp\/v2\/posts\/1443","targetHints":{"allow":["GET"]}}],"collection":[{"href":"https:\/\/hegyvidekiparkolas.hu\/index.php?rest_route=\/wp\/v2\/posts"}],"about":[{"href":"https:\/\/hegyvidekiparkolas.hu\/index.php?rest_route=\/wp\/v2\/types\/post"}],"author":[{"embeddable":true,"href":"https:\/\/hegyvidekiparkolas.hu\/index.php?rest_route=\/wp\/v2\/users\/1"}],"replies":[{"embeddable":true,"href":"https:\/\/hegyvidekiparkolas.hu\/index.php?rest_route=%2Fwp%2Fv2%2Fcomments&post=1443"}],"version-history":[{"count":1,"href":"https:\/\/hegyvidekiparkolas.hu\/index.php?rest_route=\/wp\/v2\/posts\/1443\/revisions"}],"predecessor-version":[{"id":1445,"href":"https:\/\/hegyvidekiparkolas.hu\/index.php?rest_route=\/wp\/v2\/posts\/1443\/revisions\/1445"}],"wp:featuredmedia":[{"embeddable":true,"href":"https:\/\/hegyvidekiparkolas.hu\/index.php?rest_route=\/wp\/v2\/media\/1444"}],"wp:attachment":[{"href":"https:\/\/hegyvidekiparkolas.hu\/index.php?rest_route=%2Fwp%2Fv2%2Fmedia&parent=1443"}],"wp:term":[{"taxonomy":"category","embeddable":true,"href":"https:\/\/hegyvidekiparkolas.hu\/index.php?rest_route=%2Fwp%2Fv2%2Fcategories&post=1443"},{"taxonomy":"post_tag","embeddable":true,"href":"https:\/\/hegyvidekiparkolas.hu\/index.php?rest_route=%2Fwp%2Fv2%2Ftags&post=1443"}],"curies":[{"name":"wp","href":"https:\/\/api.w.org\/{rel}","templated":true}]}}